{"id":294,"date":"2017-11-17T14:41:58","date_gmt":"2017-11-17T13:41:58","guid":{"rendered":"https:\/\/testing.homeinfo.de\/hvo-eg\/www\/?p=294"},"modified":"2018-07-03T18:23:03","modified_gmt":"2018-07-03T16:23:03","slug":"wechsel-im-vorstand","status":"publish","type":"post","link":"https:\/\/www.hvo-eg.de\/?p=294","title":{"rendered":"Wechsel im Vorstand"},"content":{"rendered":"<p>[vc_row][vc_column width=&#8220;1\/4&#8243;][vc_single_image media=&#8220;295&#8243; media_lightbox=&#8220;yes&#8220; media_width_percent=&#8220;100&#8243; shape=&#8220;img-round&#8220;][\/vc_column][vc_column width=&#8220;3\/4&#8243;][vc_column_text]Nach 21 Jahren geht G\u00fcnter Poppendiek am 30.11.2015 in den Ruhestand.<\/p>\n<p>Als nebenamtliches Vorstandsmitglied begann er seine T\u00e4tigkeit am 1. Dezember 1994. Als Kaufmann stand er neben dem Architekten, Gregor Bredlich, der sich vor allem um den technischen Bereich k\u00fcmmerte, bis zum Sommer 1999 dem hauptamtlichen Vorstand Ulrich Raabe zur Seite und seitdem J\u00fcrgen Silies. Die Fachkompetenz wie auch die Bereitschaft, sich \u00fcber die &#8222;normale&#8220; T\u00e4tigkeit hinaus einzubringen (Gestaltung der Homepage \/ Anlage der Grundbuchdatenbank), wurde von uns allen sehr gesch\u00e4tzt. Die Vollendung seines 75. Lebensjahres und die Bestimmungen in unserer Satzung f\u00fchrten nun zu seiner Verabschiedung. Die Mitglieder von Aufsichtsrat und Vorstand danken ihm f\u00fcr die in den vergangenen 21 Jahren geleistete Arbeit.<\/p>\n<p>Zur Nachfolgerin von G\u00fcnter Poppendiek wurde Frau Nadine Hagensieker bestellt. Die 37-j\u00e4hrige selbstst\u00e4ndige Versicherungskauffrau beginnt ihre T\u00e4tigkeit am 1. Dezember 2015.[\/vc_column_text][\/vc_column][\/vc_row]<\/p>\n","protected":false},"excerpt":{"rendered":"<p>[vc_row][vc_column width=&#8220;1\/4&#8243;][vc_single_image media=&#8220;295&#8243; media_lightbox=&#8220;yes&#8220; media_width_percent=&#8220;100&#8243; shape=&#8220;img-round&#8220;][\/vc_column][vc_column width=&#8220;3\/4&#8243;][vc_column_text]Nach 21 Jahren geht G\u00fcnter Poppendiek am 30.11.2015 in den Ruhestand. Als nebenamtliches Vorstandsmitglied [&hellip;]<\/p>\n","protected":false},"author":1,"featured_media":295,"comment_status":"open","ping_status":"open","sticky":false,"template":"","format":"standard","meta":[],"categories":[7],"tags":[],"_links":{"self":[{"href":"https:\/\/www.hvo-eg.de\/index.php?rest_route=\/wp\/v2\/posts\/294"}],"collection":[{"href":"https:\/\/www.hvo-eg.de\/index.php?rest_route=\/wp\/v2\/posts"}],"about":[{"href":"https:\/\/www.hvo-eg.de\/index.php?rest_route=\/wp\/v2\/types\/post"}],"author":[{"embeddable":true,"href":"https:\/\/www.hvo-eg.de\/index.php?rest_route=\/wp\/v2\/users\/1"}],"replies":[{"embeddable":true,"href":"https:\/\/www.hvo-eg.de\/index.php?rest_route=%2Fwp%2Fv2%2Fcomments&post=294"}],"version-history":[{"count":4,"href":"https:\/\/www.hvo-eg.de\/index.php?rest_route=\/wp\/v2\/posts\/294\/revisions"}],"predecessor-version":[{"id":818,"href":"https:\/\/www.hvo-eg.de\/index.php?rest_route=\/wp\/v2\/posts\/294\/revisions\/818"}],"wp:featuredmedia":[{"embeddable":true,"href":"https:\/\/www.hvo-eg.de\/index.php?rest_route=\/wp\/v2\/media\/295"}],"wp:attachment":[{"href":"https:\/\/www.hvo-eg.de\/index.php?rest_route=%2Fwp%2Fv2%2Fmedia&parent=294"}],"wp:term":[{"taxonomy":"category","embeddable":true,"href":"https:\/\/www.hvo-eg.de\/index.php?rest_route=%2Fwp%2Fv2%2Fcategories&post=294"},{"taxonomy":"post_tag","embeddable":true,"href":"https:\/\/www.hvo-eg.de\/index.php?rest_route=%2Fwp%2Fv2%2Ftags&post=294"}],"curies":[{"name":"wp","href":"https:\/\/api.w.org\/{rel}","templated":true}]}}